{"id":54237,"date":"2022-01-11T08:28:06","date_gmt":"2022-01-11T08:28:06","guid":{"rendered":"https:\/\/kidslox.com\/guide-to\/cell-phones-and-teenage-depression\/"},"modified":"2024-01-18T09:18:41","modified_gmt":"2024-01-18T09:18:41","slug":"cell-phones-and-teenage-depression","status":"publish","type":"post","link":"https:\/\/kidslox.com\/fr\/guide-to\/cell-phones-and-teenage-depression\/","title":{"rendered":"Les t\u00e9l\u00e9phones portables sont-ils responsables de l&#8217;augmentation des taux de d\u00e9pression chez les adolescents ?"},"content":{"rendered":"<h2><span class=\"ez-toc-section\" id=\"un-guide-sur%e2%80%a6-les-smartphones-et-la-sante-mentale-des-adolescents\"><\/span><b>Un guide sur\u2026 les smartphones et la sant\u00e9 mentale des adolescents<\/b><span class=\"ez-toc-section-end\"><\/span><\/h2>\n<p><span style=\"font-weight: 400;\">Ce guide prend en compte certaines recherches, opinions et id\u00e9es sur la mani\u00e8re dont les t\u00e9l\u00e9phones portables pourraient avoir un impact n\u00e9gatif sur la sant\u00e9 mentale des adolescents.<\/span><\/p>\n<p><span style=\"font-weight: 400;\">En entrant r\u00e9cemment dans mon caf\u00e9 local, j&#8217;ai vu un groupe d&#8217;adolescents assis autour d&#8217;une table. Alors qu\u2019ils sirotaient leurs frapp\u00e9s et leurs bubble tea, je n\u2019ai pas pu m\u2019emp\u00eacher de remarquer quelque chose d\u2019inhabituel. Au lieu de discuter de leurs amis, de leurs coups de c\u0153ur et de leurs devoirs, ils regardaient leur t\u00e9l\u00e9phone et glissaient en silence.<\/span><\/p>\n<p><span style=\"font-weight: 400;\">Les adolescents d\u2019aujourd\u2019hui n\u2019ont jamais connu un monde sans t\u00e9l\u00e9phone portable. L\u2019id\u00e9e de chercher des r\u00e9ponses \u00e0 des questions br\u00fblantes dans les pages d\u2019une encyclop\u00e9die poussi\u00e9reuse ou d\u2019attendre qu\u2019un livre de biblioth\u00e8que soit pr\u00eat\u00e9 leur semblera compl\u00e8tement \u00e9trang\u00e8re. \u00c0 l\u2019\u00e8re de l\u2019information, l\u2019\u00e9cole, les loisirs et les relations sociales sont tous num\u00e9ris\u00e9s. Si cela permet \u00e0 nos enfants d\u2019avoir beaucoup plus acc\u00e8s \u00e0 des outils \u00e9ducatifs positifs lorsqu\u2019ils en ont besoin, cela leur ouvre \u00e9galement un tout nouveau monde dans lequel naviguer. Ce monde peut parfois sembler en conflit avec la mani\u00e8re dont les \u00eatres humains semblent naturellement programm\u00e9s pour interagir.<\/span><\/p>\n<p><span style=\"font-weight: 400;\">La r\u00e9ponse \u00e0 la question \u00ab les t\u00e9l\u00e9phones portables rendent-ils les adolescents d\u00e9prim\u00e9s \u00bb n\u2019est pas n\u00e9cessairement simple. Nous examinons certains des arguments pour et contre cette hypoth\u00e8se et proposons des id\u00e9es pour favoriser une relation saine entre votre adolescent et sa cellule.<\/span><\/p>\n<p><span style=\"font-weight: 400;\">Les smartphones d&#8217;aujourd&#8217;hui sont optimis\u00e9s pour la convivialit\u00e9 &#8211; \u00e0 tel point que j&#8217;ai vu mon b\u00e9b\u00e9 de 10 mois ramasser mon iPhone par terre et semble savoir instinctivement comment utiliser le bout de ses doigts pour lui donner vie. Les applications aux couleurs vives, les graphismes et le fonctionnement intuitif contribuent \u00e0 l\u2019attrait du smartphone. C\u2019est cette \u00ab d\u00e9pendance \u00bb qui suscite de nombreux d\u00e9bats dans les domaines de la recherche psychologique et m\u00e9dicale.<\/span><\/p>\n<p><span style=\"font-weight: 400;\">\u00c0 mesure que la technologie \u00e9volue et que nous d\u00e9pendons de plus en plus d\u2019un t\u00e9l\u00e9phone mobile pour vaquer \u00e0 nos occupations quotidiennes, il est irr\u00e9aliste de s\u2019attendre \u00e0 ce que nos jeunes ne veuillent pas ou n\u2019aient pas besoin d\u2019un t\u00e9l\u00e9phone portable. Tout, de nos dossiers de sant\u00e9 aux contr\u00f4les bancaires et m\u00eame des services publics domestiques, est stock\u00e9 dans notre poche. Cette num\u00e9risation ne montre aucun signe de cessation de son enchev\u00eatrement dans notre vie quotidienne.<\/span><\/p>\n<p><span style=\"font-weight: 400;\">Selon le Pew Research Center, 81 % des Am\u00e9ricains poss\u00e8dent un smartphone. Parall\u00e8lement \u00e0 cette mont\u00e9e en puissance est apparu un nouveau vocabulaire pour d\u00e9finir les comportements \u00e9mergents en mati\u00e8re de t\u00e9l\u00e9phone portable. La \u00ab nomophobie \u00bb &#8211; la peur de se passer de votre t\u00e9l\u00e9phone \u00bb et les \u00ab vibrations fant\u00f4mes \u00bb &#8211; le sentiment que votre t\u00e9l\u00e9phone vous alerte alors qu&#8217;il ne l&#8217;est pas vraiment, sont tout simplement deux exemples.<\/span><\/p>\n<p><span style=\"font-weight: 400;\">En tant que parent ou tuteur d\u2019un jeune, son bien-\u00eatre est votre priorit\u00e9 absolue. Cela est vrai pour la sant\u00e9 physique et pour les choses que nous ne pouvons pas voir : leurs \u00e9motions.<\/span><\/p>\n<h2><span class=\"ez-toc-section\" id=\"les-telephones-portables-peuvent-ils-provoquer-la-depression\"><\/span><b>Les t\u00e9l\u00e9phones portables peuvent-ils provoquer la d\u00e9pression ?<\/b><span class=\"ez-toc-section-end\"><\/span><\/h2>\n<p><span style=\"font-weight: 400;\">Ce n\u2019est certainement pas rassurant pour les parents d\u2019aujourd\u2019hui de savoir que les taux de d\u00e9pression chez les adolescents sont en hausse. De nombreux chercheurs et commentateurs sociaux pensent que nous sommes au milieu d\u2019une crise de sant\u00e9 mentale chez nos jeunes. Et le probl\u00e8me semble \u00eatre pire avec les filles.<\/span><\/p>\n<p><span style=\"font-weight: 400;\">Les taux de d\u00e9pression augmentent partout. Selon le Pew Research Center, 13 % des adolescents am\u00e9ricains ont signal\u00e9 un \u00e9pisode d\u00e9pressif majeur au cours de l\u2019ann\u00e9e \u00e9coul\u00e9e (2017). Et suppl\u00e9mentaire<\/span><a href=\"https:\/\/theconversation.com\/why-teen-depression-rates-are-rising-faster-for-girls-than-boys-129732\"> <span style=\"font-weight: 400;\">Les figures<\/span><\/a><span style=\"font-weight: 400;\"> montrent que les taux de suicide chez les adolescentes ont doubl\u00e9 depuis 2007. En 2015, trois fois plus de filles de 10 \u00e0 14 ans ont \u00e9t\u00e9 admises aux urgences aux \u00c9tats-Unis pour cause d&#8217;automutilation qu&#8217;en 2010.<\/span><\/p>\n<p><span style=\"font-weight: 400;\">Il est difficile de cerner une raison particuli\u00e8re pour laquelle les taux de d\u00e9pression continuent de grimper \u00e0 un rythme alarmant chez nos jeunes. Pour de nombreux chercheurs et commentateurs, le timing entre le pic de ces rapports et l\u2019introduction du smartphone ne peut \u00eatre ignor\u00e9.<\/span><\/p>\n<p><span style=\"font-weight: 400;\">C&#8217;est le changement culturel et technologique dans lequel les jeunes n\u00e9s apr\u00e8s 1995 n&#8217;ont jamais connu une vie sans t\u00e9l\u00e9phone portable qui, selon beaucoup, est un facteur majeur contribuant aux changements inqui\u00e9tants dans le bien-\u00eatre mental et \u00e9motionnel des adolescents d&#8217;aujourd&#8217;hui.<\/span><\/p>\n<p><span style=\"font-weight: 400;\">Jean M. Twenge, professeur de psychologie \u00e0 l&#8217;Universit\u00e9 d&#8217;\u00c9tat de San Diego, l&#8217;expert qui a invent\u00e9 le terme \u00ab iGen \u00bb, a publi\u00e9 son extrait de livre tristement provocateur dans The Atlantic en 2017. Twenge atteste que la recherche montre que les adolescents de tous horizons sociaux, \u00e9conomiques et Les origines ethniques sont plus susceptibles de signaler des sympt\u00f4mes de d\u00e9pression, plus elles passent de temps au t\u00e9l\u00e9phone.<\/span><\/p>\n<p><span style=\"font-weight: 400;\">Cela a donn\u00e9 lieu \u00e0 une lecture choquante. Les adolescents qui passent plus de trois heures par jour sur les r\u00e9seaux sociaux sont 35 % plus susceptibles de pr\u00e9senter un facteur de risque de suicide. Et plus les adolescents utilisaient Facebook, plus ils se disaient m\u00e9contents.<\/span><\/p>\n<p><span style=\"font-weight: 400;\">En ce qui concerne le sentiment de solitude, les signalements chez les adolescents ont grimp\u00e9 en fl\u00e8che en 2013 et les taux ont continu\u00e9 de grimper d&#8217;ann\u00e9e en ann\u00e9e. \u00c0 l\u2019inverse, Twenge a constat\u00e9 que les adolescents qui avaient des passe-temps, des routines sociales r\u00e9elles et qui passaient plus de temps avec leurs amis et leur famille sans leur t\u00e9l\u00e9phone portable \u00e9taient beaucoup moins susceptibles de signaler ces facteurs de solitude.<\/span><\/p>\n<h2><span class=\"ez-toc-section\" id=\"comment-les-telephones-portables-peuvent-ils-affecter-la-sante-mentale\"><\/span><b>Comment les t\u00e9l\u00e9phones portables peuvent-ils affecter la sant\u00e9 mentale ?<\/b><span class=\"ez-toc-section-end\"><\/span><\/h2>\n<p><span style=\"font-weight: 400;\">Cette question particuli\u00e8re n\u2019est pas tranch\u00e9e, car de nombreux chercheurs affirment qu\u2019un lien de causalit\u00e9 entre les deux facteurs n\u2019a pas \u00e9t\u00e9 \u00e9tudi\u00e9. Ce n\u2019est pas le t\u00e9l\u00e9phone portable ou le t\u00e9l\u00e9phone portable lui-m\u00eame qui provoque la d\u00e9pression chez les jeunes, mais potentiellement les effets sociaux et l\u2019impact que le temps pass\u00e9 \u00e0 utiliser un appareil peut cr\u00e9er. Examinons de plus pr\u00e8s ce que nous entendons par l\u00e0.<\/span><\/p>\n<h2><span class=\"ez-toc-section\" id=\"communication-sans-visage-et-%c2%ab-guerriers-du-clavier-%c2%bb\"><\/span><b>Communication sans visage et \u00ab guerriers du clavier \u00bb<\/b><span class=\"ez-toc-section-end\"><\/span><\/h2>\n<p><span style=\"font-weight: 400;\">Si la technologie moderne et les communications num\u00e9riques ont ouvert un monde de possibilit\u00e9s pour nous tous, elles ont \u00e9galement donn\u00e9 naissance \u00e0 des comportements, des tendances et des interactions sociales moins positives. Prenez les trolls par exemple. Ces commentateurs sociaux anonymes provoquent haine, col\u00e8re et agression derri\u00e8re la relative s\u00e9curit\u00e9 de leurs \u00e9crans. C\u2019est cette \u00ab absence de visage \u00bb qui permet aux utilisateurs de dire \u2013 et de faire \u2013 des choses qu\u2019ils ne feraient pas habituellement \u00ab IRL \u00bb.<\/span><\/p>\n<p><span style=\"font-weight: 400;\">Vous connaissez peut-\u00eatre l&#8217;acronyme \u00ab FOMO \u00bb (Fear of Missing Out) : c&#8217;est un ph\u00e9nom\u00e8ne qui n&#8217;a \u00e9t\u00e9 d\u00e9fini que ces derni\u00e8res ann\u00e9es et qui semble \u00eatre l&#8217;un des principaux facteurs \u00e0 l&#8217;origine des rapports de malheur, en particulier chez les jeunes filles.<\/span><\/p>\n<p><span style=\"font-weight: 400;\">Glamouriser nos interactions sociales peut contribuer \u00e0 l\u2019ostracisation des autres et les psychologues estiment que c\u2019est ce comportement subtilement agressif que les filles affichent lorsqu\u2019elles intimident les autres. Regarder des amis sortir sans eux est l\u2019une des choses cl\u00e9s dont les adolescentes sont conscientes lorsqu\u2019elles associent leur propre humeur \u00e0 leur utilisation des m\u00e9dias sociaux.<\/span><\/p>\n<h2><span class=\"ez-toc-section\" id=\"%e2%80%9cla-comparaison-est-la-voleuse-de-la-joie%e2%80%9d\"><\/span><b>&#8220;La comparaison est la voleuse de la joie&#8221;<\/b><span class=\"ez-toc-section-end\"><\/span><\/h2>\n<p><span style=\"font-weight: 400;\">C\u2019est ce que dit le mantra positif populaire. Passer autant de temps sur les r\u00e9seaux sociaux ouvre une fen\u00eatre sur la vie des autres dont nous ne serions g\u00e9n\u00e9ralement pas au courant. Cela permet \u00e9galement aux gens de contr\u00f4ler et d\u2019organiser une version particuli\u00e8re d\u2019eux-m\u00eames pour que les autres puissent la voir. C\u2019est ce facteur de \u00ab comparaison \u00bb qui, selon beaucoup, contribue aux attentes n\u00e9gatives et irr\u00e9alistes de la vie des jeunes. Les propres recherches de Facebook ont \u200b\u200br\u00e9v\u00e9l\u00e9 que cela \u00e9tait vrai.<\/span><\/p>\n<p><span style=\"font-weight: 400;\">Jusqu\u2019\u00e0 il y a un an, Frances Haughen \u00e9tait une employ\u00e9e inconnue de Facebook (ou Meta comme on l\u2019appelle maintenant). Haughen a travaill\u00e9 dans les coulisses en tant que strat\u00e8ge en mati\u00e8re de donn\u00e9es. Elle est d\u00e9sormais connue mondialement comme la lanceuse d\u2019alerte qui a lev\u00e9 le voile sur l\u2019information selon laquelle la plateforme savait que ses produits, principalement Instagram, nuisaient \u00e0 la sant\u00e9 des jeunes filles.<\/span><\/p>\n<p><span style=\"font-weight: 400;\">\u00ab\u00a0Nous aggravons l&#8217;image corporelle des jeunes filles\u00a0\u00bb et \u00ab\u00a0Trente-deux pour cent des adolescentes ont d\u00e9clar\u00e9 que lorsqu&#8217;elles se sentaient mal dans leur corps, Instagram les faisait se sentir moins bien\u00a0\u00bb ne sont que deux exemples de d\u00e9clarations de recherche tir\u00e9es de pr\u00e9sentations internes au entreprise. L\u2019entreprise \u00e9tait parfaitement au courant de ses propres recherches accablantes, mais n\u2019a rien fait pour r\u00e9pondre \u00e0 ses propres id\u00e9es selon lesquelles les r\u00e9seaux sociaux avaient un effet n\u00e9gatif sur l\u2019estime de soi des jeunes femmes.<\/span><\/p>\n<p><span style=\"font-weight: 400;\">Les filtres, Photoshop, ainsi que les parrainages et publicit\u00e9s non divulgu\u00e9s contribuent tous \u00e0 une vision du monde irr\u00e9aliste et d\u00e9form\u00e9e pour ceux qui y sont r\u00e9guli\u00e8rement expos\u00e9s.<\/span><\/p>\n<p><span style=\"font-weight: 400;\">Cit\u00e9 dans The Guardian, un porte-parole du groupe de campagne 5Rights Foundation a d\u00e9clar\u00e9 : \u00ab Les propres recherches de Facebook sont un r\u00e9quisitoire d\u00e9vastateur contre la n\u00e9gligence avec laquelle Facebook, et plus largement le secteur technologique, traite les enfants.<\/span><\/p>\n<p><span style=\"font-weight: 400;\">\u00ab Dans leur qu\u00eate de profit, ces entreprises volent le temps, l&#8217;estime de soi et la sant\u00e9 mentale des enfants, et parfois tragiquement leur vie\u2026 Il s&#8217;agit d&#8217;un monde enti\u00e8rement cr\u00e9\u00e9 par l&#8217;homme, en grande partie priv\u00e9, con\u00e7u pour \u00eatre optimis\u00e9 \u00e0 des fins commerciales \u2013 il n&#8217;est pas n\u00e9cessaire qu&#8217;il soit possible de le faire. sois comme \u00e7a. Il est temps d\u2019optimiser d\u2019abord la s\u00e9curit\u00e9, les droits et le bien-\u00eatre des enfants \u2013 et ensuite seulement \u2013 \u200b\u200bde faire du profit. \u00bb<\/span><\/p>\n<h2><span class=\"ez-toc-section\" id=\"privation-de-sommeil-et-telephones-portables\"><\/span><b>Privation de sommeil et t\u00e9l\u00e9phones portables<\/b><span class=\"ez-toc-section-end\"><\/span><\/h2>\n<p><span style=\"font-weight: 400;\">Pensez \u00e0 vos propres habitudes en mati\u00e8re de t\u00e9l\u00e9phone portable. Le gardez-vous \u00e0 c\u00f4t\u00e9 du lit ? Ou peut-\u00eatre sous votre oreiller. Est-ce la premi\u00e8re chose que vous faites le matin ? L&#8217;utilisation d&#8217;un smartphone a \u00e9t\u00e9 associ\u00e9e \u00e0 une vari\u00e9t\u00e9 de mauvais r\u00e9sultats en mati\u00e8re de sommeil, et un manque de sommeil de bonne qualit\u00e9 est un facteur de risque connu de mauvaise humeur.<\/span><\/p>\n<p><span style=\"font-weight: 400;\">De nombreux experts conviennent que neuf heures constituent la dur\u00e9e optimale de sommeil dont les adolescents ont besoin. Des recherches ont montr\u00e9 que plus nous passons de temps \u00e0 utiliser notre t\u00e9l\u00e9phone, plus notre qualit\u00e9 de sommeil est mauvaise. La lumi\u00e8re bleue \u00e9mise par les appareils mobiles est li\u00e9e \u00e0 des perturbations dans la lib\u00e9ration de l&#8217;hormone du sommeil, la m\u00e9latonine. Il a \u00e9galement \u00e9t\u00e9 sugg\u00e9r\u00e9 que l\u2019exposition \u00e0 la lumi\u00e8re bleue peut avoir un impact sur le cycle de sommeil paradoxal (sommeil profond) que nous vivons, et que si nous ne dormons pas suffisamment profond\u00e9ment, notre humeur en est affect\u00e9e.<\/span><\/p>\n<p><span style=\"font-weight: 400;\">Selon<\/span><a href=\"https:\/\/www.sleepfoundation.org\/\"> <span style=\"font-weight: 400;\">Sommeil.org<\/span><\/a><span style=\"font-weight: 400;\">, la lumi\u00e8re bleue \u00e9mise par nos t\u00e9l\u00e9phones portables peut avoir un effet encore plus important sur les enfants, qui y sont plus sensibles. Le sommeil est absolument vital pour le d\u00e9veloppement sain des enfants \u00e0 tout \u00e2ge. Il est donc recommand\u00e9 de dire bonne nuit sur notre t\u00e9l\u00e9phone portable au moins 20 minutes avant de nous coucher.<\/span><\/p>\n<h2><span class=\"ez-toc-section\" id=\"surcharge-dinformation\"><\/span><b>Surcharge d&#8217;information<\/b><span class=\"ez-toc-section-end\"><\/span><\/h2>\n<p><span style=\"font-weight: 400;\">Avec autant d\u2019informations \u00e0 port\u00e9e de main, il existe un risque de surcharge d\u2019Internet.<\/span><\/p>\n<p><span style=\"font-weight: 400;\">En quelques secondes, votre t\u00e9l\u00e9phone peut r\u00e9pondre \u00e0 des questions br\u00fblantes, vous emmener faire du shopping, vous permettre de jouer \u00e0 des jeux vid\u00e9o, d\u2019\u00e9couter des histoires\u2026 c\u2019est beaucoup. Des recherches men\u00e9es par des data scientists d&#8217;ESRI UK ont r\u00e9v\u00e9l\u00e9 qu&#8217;un tiers d&#8217;entre nous se sentent stress\u00e9s par la quantit\u00e9 de donn\u00e9es que nous rencontrons quotidiennement. Cela peut \u00e9galement \u00eatre vrai pour les enfants. Le t\u00e9l\u00e9phone mobile n\u2019est plus seulement un appareil permettant d\u2019appeler les autres, c\u2019est un assistant personnel, un ordinateur et un v\u00e9hicule permettant aux autres d\u2019\u00eatre en contact avec nous \u00e0 tout moment.<\/span><\/p>\n<p><span style=\"font-weight: 400;\">Cette connexion constante peut \u00eatre difficile \u00e0 g\u00e9rer pour les adultes, et il n\u2019est donc pas d\u00e9raisonnable de supposer que les enfants se sentent stress\u00e9s et anxieux \u00e0 cause de la compagnie constante de leurs t\u00e9l\u00e9phones portables.<\/span><\/p>\n<h2><span class=\"ez-toc-section\" id=\"comment-savoir-si-le-telephone-portable-de-mon-adolescent-le-rend-deprime\"><\/span><b>Comment savoir si le t\u00e9l\u00e9phone portable de mon adolescent le rend d\u00e9prim\u00e9 ?<\/b><span class=\"ez-toc-section-end\"><\/span><\/h2>\n<p><span style=\"font-weight: 400;\">Avant de paniquer, de jeter tous nos appareils et d\u2019essayer de convaincre nos adolescents branch\u00e9s d\u2019abandonner leur t\u00e9l\u00e9phone portable, prenons un moment pour r\u00e9fl\u00e9chir aux alternatives.<\/span><\/p>\n<p><span style=\"font-weight: 400;\">De nombreux chercheurs contestent qu\u2019il n\u2019existe pas r\u00e9ellement de lien de causalit\u00e9 entre la d\u00e9pression et l\u2019utilisation d\u2019un smartphone, mais il existe des corr\u00e9lations. Des questions se posent \u00e9galement sur la mani\u00e8re dont les donn\u00e9es sont collect\u00e9es et cat\u00e9goris\u00e9es. Cela soul\u00e8ve la question suivante : les adolescents d\u00e9prim\u00e9s sont-ils plus susceptibles de passer plus de temps sur les r\u00e9seaux sociaux ou est-ce que passer du temps sur les r\u00e9seaux sociaux provoque la d\u00e9pression ?<\/span><\/p>\n<p><span style=\"font-weight: 400;\">Les \u00e9tudes qui suivent le \u00ab temps pass\u00e9 devant un \u00e9cran \u00bb peuvent \u00e9galement \u00eatre peu fiables, car les activit\u00e9s r\u00e9alis\u00e9es sur les \u00e9crans sont tr\u00e8s vastes. Les \u00e9tudes qui incluent des donn\u00e9es auto-d\u00e9clar\u00e9es peuvent \u00e9galement \u00eatre prises avec des pincettes, car de nombreuses personnes ne parviennent pas \u00e0 d\u00e9clarer correctement l&#8217;heure.<\/span><\/p>\n<h2><span class=\"ez-toc-section\" id=\"comment-reconnaitre-les-signes-indiquant-que-le-telephone-portable-de-votre-adolescent-affecte-sa-sante-mentale\"><\/span><b>Comment reconna\u00eetre les signes indiquant que le t\u00e9l\u00e9phone portable de votre adolescent affecte sa sant\u00e9 mentale<\/b><span class=\"ez-toc-section-end\"><\/span><\/h2>\n<p><span style=\"font-weight: 400;\">La conseill\u00e8re p\u00e9dagogique, Monique Hicks, a parl\u00e9 aux parents des signaux d\u2019alarme suivants \u00e0 surveiller concernant l\u2019utilisation du t\u00e9l\u00e9phone portable par votre adolescent\u00a0:<\/span><\/p>\n<ul>\n<li style=\"font-weight: 400;\" aria-level=\"1\"><span style=\"font-weight: 400;\">Double \u00e9cran constant et basculement entre les applications, les jeux et les plateformes sociales<\/span><\/li>\n<li style=\"font-weight: 400;\" aria-level=\"1\"><span style=\"font-weight: 400;\">Un changement d&#8217;humeur lorsqu&#8217;ils n&#8217;utilisent pas leur t\u00e9l\u00e9phone\u00a0: ils sont impatients, irritables et agit\u00e9s<\/span><\/li>\n<li style=\"font-weight: 400;\" aria-level=\"1\"><span style=\"font-weight: 400;\">Des perturbations dans leur sommeil<\/span><\/li>\n<li style=\"font-weight: 400;\" aria-level=\"1\"><span style=\"font-weight: 400;\">Perdre des amis ou avoir plus de difficult\u00e9s dans leurs interactions sociales<\/span><\/li>\n<\/ul>\n<p><span style=\"font-weight: 400;\">Un ou plusieurs de ces comportements pourraient indiquer que la relation entre votre adolescent et son t\u00e9l\u00e9phone portable a besoin d\u2019\u00eatre r\u00e9initialis\u00e9e.<\/span><\/p>\n<p><span style=\"font-weight: 400;\">Les signes ci-dessus peuvent \u00e9galement indiquer que quelque chose ne va pas dans le bien-\u00eatre mental g\u00e9n\u00e9ral de votre adolescent. La d\u00e9pression chez les adolescents est un probl\u00e8me mondial grave et croissant. Il est parfois difficile pour les parents de rep\u00e9rer les comportements \u00ab\u00a0typiques\u00a0\u00bb des adolescents avec des sympt\u00f4mes plus graves qui pourraient indiquer une d\u00e9pression. Selon la clinique Mayo, les parents doivent \u00e9galement \u00eatre vigilants aux indications suivantes indiquant que quelque chose ne va pas bien avec la sant\u00e9 mentale de leur enfant\u00a0:<\/span><\/p>\n<ul>\n<li style=\"font-weight: 400;\" aria-level=\"1\"><span style=\"font-weight: 400;\">Perte d&#8217;\u00e9nergie ou fatigue<\/span><\/li>\n<li style=\"font-weight: 400;\" aria-level=\"1\"><span style=\"font-weight: 400;\">Dormir trop ou pas assez<\/span><\/li>\n<li style=\"font-weight: 400;\" aria-level=\"1\"><span style=\"font-weight: 400;\">Diminution ou augmentation de l&#8217;app\u00e9tit et gain ou perte de poids<\/span><\/li>\n<li style=\"font-weight: 400;\" aria-level=\"1\"><span style=\"font-weight: 400;\">Consommation d&#8217;alcool ou de drogues<\/span><\/li>\n<li style=\"font-weight: 400;\" aria-level=\"1\"><span style=\"font-weight: 400;\">Ne pas pr\u00eater attention \u00e0 leur hygi\u00e8ne personnelle ou \u00e0 leur apparence<\/span><\/li>\n<li style=\"font-weight: 400;\" aria-level=\"1\"><span style=\"font-weight: 400;\">Comportement perturbateur et col\u00e9rique<\/span><\/li>\n<li style=\"font-weight: 400;\" aria-level=\"1\"><span style=\"font-weight: 400;\">Courbatures, douleurs et plaintes inexpliqu\u00e9es<\/span><\/li>\n<li style=\"font-weight: 400;\" aria-level=\"1\"><span style=\"font-weight: 400;\">L&#8217;automutilation<\/span><\/li>\n<li style=\"font-weight: 400;\" aria-level=\"1\"><span style=\"font-weight: 400;\">Sentiments de suicide ou projet de suicide<\/span><\/li>\n<\/ul>\n<p><span style=\"font-weight: 400;\">Si vous remarquez l\u2019un des signes ou sympt\u00f4mes d\u00e9crits ci-dessus, veuillez en parler imm\u00e9diatement \u00e0 un professionnel de la sant\u00e9.<\/span><\/p>\n<h2><span class=\"ez-toc-section\" id=\"comment-moderer-lutilisation-du-telephone-portable-par-les-adolescents\"><\/span><b>Comment mod\u00e9rer l\u2019utilisation du t\u00e9l\u00e9phone portable par les adolescents<\/b><span class=\"ez-toc-section-end\"><\/span><\/h2>\n<p><span style=\"font-weight: 400;\">Le travail de parent semble devenir de plus en plus difficile d\u2019ann\u00e9e en ann\u00e9e.<\/span><\/p>\n<p><span style=\"font-weight: 400;\">\u00c0 mesure que la technologie \u00e9volue \u00e0 une vitesse fulgurante, il est facile de se sentir impuissant ou laiss\u00e9 pour compte face aux activit\u00e9s que votre enfant r\u00e9alise en ligne.<\/span><\/p>\n<p><span style=\"font-weight: 400;\">N&#8217;ai pas peur. Il existe quelques mesures simples que vous pouvez prendre pour surveiller l\u2019utilisation du t\u00e9l\u00e9phone portable de votre adolescent et vous permettre, ainsi qu\u2019\u00e0 votre famille, d\u2019utiliser la technologie de la mani\u00e8re la plus positive possible.<\/span><\/p>\n<h2><span class=\"ez-toc-section\" id=\"instruisez-vous\"><\/span><b>Instruisez-vous<\/b><span class=\"ez-toc-section-end\"><\/span><\/h2>\n<p><span style=\"font-weight: 400;\">La vie est bien remplie, mais plus vous vous armez de connaissances, plus vous vous sentez autonome. D\u00e9couvrez quelles applications votre adolescent utilise r\u00e9guli\u00e8rement et restez inform\u00e9 de ce qu&#8217;il fait. Comment l\u2019actualit\u00e9 en parle-t-elle ? Essayez-les par vous-m\u00eame. La confiance est essentielle face aux d\u00e9veloppements num\u00e9riques.<\/span><\/p>\n<h2><span class=\"ez-toc-section\" id=\"encouragez-les-interactions-dans-le-monde-reel\"><\/span><b>Encouragez les interactions dans le monde r\u00e9el<\/b><span class=\"ez-toc-section-end\"><\/span><\/h2>\n<p><span style=\"font-weight: 400;\">Encouragez et activez les passe-temps et les int\u00e9r\u00eats de votre enfant hors ligne. La recherche montre que les adolescents font \u00e9tat d\u2019indicateurs de bonheur plus positifs lorsqu\u2019ils passent du temps dans le \u00ab monde r\u00e9el \u00bb. Alors s\u2019ils s\u2019int\u00e9ressent \u00e0 quelque chose de non num\u00e9rique, acceptez-le\u00a0!<\/span><\/p>\n<h2><span class=\"ez-toc-section\" id=\"du-temps-en-famille\"><\/span><b>Du temps en famille<\/b><span class=\"ez-toc-section-end\"><\/span><\/h2>\n<p><span style=\"font-weight: 400;\">Assurez-vous de tenir chaque semaine un rendez-vous avec votre famille dans un agenda strictement sans t\u00e9l\u00e9phone. Il peut s&#8217;agir d&#8217;une soir\u00e9e de jeux, d&#8217;une sortie au parc ou d&#8217;une visite \u00e0 d&#8217;autres membres de la famille. Plus vous pouvez faire pour encourager ces interactions dans le monde r\u00e9el, mieux c\u2019est pour le bonheur social de votre adolescent.<\/span><\/p>\n<h2><span class=\"ez-toc-section\" id=\"limites-et-frontieres\"><\/span><b>Limites et fronti\u00e8res<\/b><span class=\"ez-toc-section-end\"><\/span><\/h2>\n<p><span style=\"font-weight: 400;\">Vous pouvez utiliser une application comme Kidslox pour surveiller, r\u00e9duire et arr\u00eater le temps que les adolescents passent sur leurs appareils. Lorsqu\u2019il s\u2019agit de l\u2019utiliser avec des enfants plus \u00e2g\u00e9s, nous recommandons toujours que cela se fasse dans le cadre d\u2019une approche collaborative et que vous soyez ouvert et honn\u00eate sur les raisons pour lesquelles il est important de fixer des limites. Utilisez des applications comme Kidslox comme une chose positive, qui permet aux adolescents de g\u00e9rer leur propre utilisation ainsi que votre tranquillit\u00e9 d&#8217;esprit.<\/span><\/p>\n<h2><span class=\"ez-toc-section\" id=\"soyez-emotionnellement-ouvert\"><\/span><b>Soyez \u00e9motionnellement ouvert<\/b><span class=\"ez-toc-section-end\"><\/span><\/h2>\n<p><span style=\"font-weight: 400;\">Soyez ouvert \u00e0 parler \u00e0 vos enfants de vos propres \u00e9motions (en fonction de leur \u00e2ge, bien s\u00fbr) et encouragez les enfants de tous \u00e2ges \u00e0 parler de leurs sentiments. Si ce n\u2019est pas quelque chose auquel vous \u00eates habitu\u00e9, allez-y lentement et cr\u00e9ez toujours un espace s\u00fbr o\u00f9 les enfants auront l\u2019impression de pouvoir partager. Si vous constatez que votre enfant passe de longues p\u00e9riodes seul ou semble moins dispos\u00e9 \u00e0 parler que d&#8217;habitude, envisagez de rechercher un soutien suppl\u00e9mentaire pour votre famille. Des organisations telles que<\/span><a href=\"https:\/\/www.youngminds.org.uk\/\"> <span style=\"font-weight: 400;\">www.youngminds.org.uk<\/span><\/a><span style=\"font-weight: 400;\"> sont les mieux plac\u00e9s pour vous aider.<\/span><\/p>\n<h2><\/h2>\n","protected":false},"excerpt":{"rendered":"<p>Guide sur les smartphones et la sant\u00e9 mentale des adolescents<\/p>\n","protected":false},"author":6,"featured_media":16659,"comment_status":"open","ping_status":"open","sticky":false,"template":"","format":"standard","meta":{"_acf_changed":false,"inline_featured_image":false,"footnotes":""},"categories":[506],"tags":[1073,1074,615],"class_list":["post-54237","post","type-post","status-publish","format-standard","has-post-thumbnail","hentry","category-news-fr","tag-internet-fr","tag-research-fr","tag-social-media-fr"],"acf":[],"yoast_head":"<!-- This site is optimized with the Yoast SEO plugin v26.7 - https:\/\/yoast.com\/wordpress\/plugins\/seo\/ -->\n<title>Guide sur les t\u00e9l\u00e9phones portables et la d\u00e9pression chez les adolescents | Kidslox<\/title>\n<meta name=\"description\" content=\"Ce guide pr\u00e9sente certaines recherches, opinions et id\u00e9es sur la fa\u00e7on dont les t\u00e9l\u00e9phones portables peuvent avoir un impact n\u00e9gatif sur la sant\u00e9 mentale des adolescents.\" \/>\n<meta name=\"robots\" content=\"index, follow, max-snippet:-1, max-image-preview:large, max-video-preview:-1\" \/>\n<link rel=\"canonical\" href=\"https:\/\/kidslox.com\/fr\/guide-to\/cell-phones-and-teenage-depression\/\" \/>\n<meta property=\"og:locale\" content=\"fr_FR\" \/>\n<meta property=\"og:type\" content=\"article\" \/>\n<meta property=\"og:title\" content=\"Guide sur les t\u00e9l\u00e9phones portables et la d\u00e9pression chez les adolescents | Kidslox\" \/>\n<meta property=\"og:description\" content=\"Ce guide pr\u00e9sente certaines recherches, opinions et id\u00e9es sur la fa\u00e7on dont les t\u00e9l\u00e9phones portables peuvent avoir un impact n\u00e9gatif sur la sant\u00e9 mentale des adolescents.\" \/>\n<meta property=\"og:url\" content=\"https:\/\/kidslox.com\/fr\/guide-to\/cell-phones-and-teenage-depression\/\" \/>\n<meta property=\"og:site_name\" content=\"Kidslox\" \/>\n<meta property=\"article:publisher\" content=\"https:\/\/www.facebook.com\/kidslox\" \/>\n<meta property=\"article:published_time\" content=\"2022-01-11T08:28:06+00:00\" \/>\n<meta property=\"article:modified_time\" content=\"2024-01-18T09:18:41+00:00\" \/>\n<meta property=\"og:image\" content=\"https:\/\/kidslox.com\/wp-content\/uploads\/2022\/01\/do-cell-phones-cause-teenage-depression-min.png\" \/>\n\t<meta property=\"og:image:width\" content=\"1280\" \/>\n\t<meta property=\"og:image:height\" content=\"726\" \/>\n\t<meta property=\"og:image:type\" content=\"image\/png\" \/>\n<meta name=\"author\" content=\"Carolanne Bamford-Beattie\" \/>\n<meta name=\"twitter:card\" content=\"summary_large_image\" \/>\n<meta name=\"twitter:creator\" content=\"@kidslox\" \/>\n<meta name=\"twitter:site\" content=\"@kidslox\" \/>\n<meta name=\"twitter:label1\" content=\"Written by\" \/>\n\t<meta name=\"twitter:data1\" content=\"Carolanne Bamford-Beattie\" \/>\n\t<meta name=\"twitter:label2\" content=\"Est. reading time\" \/>\n\t<meta name=\"twitter:data2\" content=\"11 minutes\" \/>\n<script type=\"application\/ld+json\" class=\"yoast-schema-graph\">{\"@context\":\"https:\/\/schema.org\",\"@graph\":[{\"@type\":\"Article\",\"@id\":\"https:\/\/kidslox.com\/fr\/guide-to\/cell-phones-and-teenage-depression\/#article\",\"isPartOf\":{\"@id\":\"https:\/\/kidslox.com\/fr\/guide-to\/cell-phones-and-teenage-depression\/\"},\"author\":{\"name\":\"Carolanne Bamford-Beattie\",\"@id\":\"https:\/\/kidslox.com\/fr\/#\/schema\/person\/695b3910f21087ab3dd4b49ad69294dd\"},\"headline\":\"Les t\u00e9l\u00e9phones portables sont-ils responsables de l&#8217;augmentation des taux de d\u00e9pression chez les adolescents ?\",\"datePublished\":\"2022-01-11T08:28:06+00:00\",\"dateModified\":\"2024-01-18T09:18:41+00:00\",\"mainEntityOfPage\":{\"@id\":\"https:\/\/kidslox.com\/fr\/guide-to\/cell-phones-and-teenage-depression\/\"},\"wordCount\":3174,\"commentCount\":0,\"publisher\":{\"@id\":\"https:\/\/kidslox.com\/fr\/#organization\"},\"image\":{\"@id\":\"https:\/\/kidslox.com\/fr\/guide-to\/cell-phones-and-teenage-depression\/#primaryimage\"},\"thumbnailUrl\":\"https:\/\/kidslox.com\/wp-content\/uploads\/2022\/01\/do-cell-phones-cause-teenage-depression-min.png\",\"keywords\":[\"Internet\",\"Research\",\"Social media\"],\"articleSection\":[\"Actualit\u00e9s\"],\"inLanguage\":\"fr-FR\",\"potentialAction\":[{\"@type\":\"CommentAction\",\"name\":\"Comment\",\"target\":[\"https:\/\/kidslox.com\/fr\/guide-to\/cell-phones-and-teenage-depression\/#respond\"]}]},{\"@type\":\"WebPage\",\"@id\":\"https:\/\/kidslox.com\/fr\/guide-to\/cell-phones-and-teenage-depression\/\",\"url\":\"https:\/\/kidslox.com\/fr\/guide-to\/cell-phones-and-teenage-depression\/\",\"name\":\"Guide sur les t\u00e9l\u00e9phones portables et la d\u00e9pression chez les adolescents | Kidslox\",\"isPartOf\":{\"@id\":\"https:\/\/kidslox.com\/fr\/#website\"},\"primaryImageOfPage\":{\"@id\":\"https:\/\/kidslox.com\/fr\/guide-to\/cell-phones-and-teenage-depression\/#primaryimage\"},\"image\":{\"@id\":\"https:\/\/kidslox.com\/fr\/guide-to\/cell-phones-and-teenage-depression\/#primaryimage\"},\"thumbnailUrl\":\"https:\/\/kidslox.com\/wp-content\/uploads\/2022\/01\/do-cell-phones-cause-teenage-depression-min.png\",\"datePublished\":\"2022-01-11T08:28:06+00:00\",\"dateModified\":\"2024-01-18T09:18:41+00:00\",\"description\":\"Ce guide pr\u00e9sente certaines recherches, opinions et id\u00e9es sur la fa\u00e7on dont les t\u00e9l\u00e9phones portables peuvent avoir un impact n\u00e9gatif sur la sant\u00e9 mentale des adolescents.\",\"breadcrumb\":{\"@id\":\"https:\/\/kidslox.com\/fr\/guide-to\/cell-phones-and-teenage-depression\/#breadcrumb\"},\"inLanguage\":\"fr-FR\",\"potentialAction\":[{\"@type\":\"ReadAction\",\"target\":[\"https:\/\/kidslox.com\/fr\/guide-to\/cell-phones-and-teenage-depression\/\"]}]},{\"@type\":\"ImageObject\",\"inLanguage\":\"fr-FR\",\"@id\":\"https:\/\/kidslox.com\/fr\/guide-to\/cell-phones-and-teenage-depression\/#primaryimage\",\"url\":\"https:\/\/kidslox.com\/wp-content\/uploads\/2022\/01\/do-cell-phones-cause-teenage-depression-min.png\",\"contentUrl\":\"https:\/\/kidslox.com\/wp-content\/uploads\/2022\/01\/do-cell-phones-cause-teenage-depression-min.png\",\"width\":1280,\"height\":726},{\"@type\":\"BreadcrumbList\",\"@id\":\"https:\/\/kidslox.com\/fr\/guide-to\/cell-phones-and-teenage-depression\/#breadcrumb\",\"itemListElement\":[{\"@type\":\"ListItem\",\"position\":1,\"name\":\"Home\",\"item\":\"https:\/\/kidslox.com\"},{\"@type\":\"ListItem\",\"position\":2,\"name\":\"Les t\u00e9l\u00e9phones portables sont-ils responsables de l&#8217;augmentation des taux de d\u00e9pression chez les adolescents ?\"}]},{\"@type\":\"WebSite\",\"@id\":\"https:\/\/kidslox.com\/fr\/#website\",\"url\":\"https:\/\/kidslox.com\/fr\/\",\"name\":\"Kidslox\",\"description\":\"Parental control app for iPhone and Android. Join millions of parents using the best parental control apps for iPhone parental control, Android &amp; more\",\"publisher\":{\"@id\":\"https:\/\/kidslox.com\/fr\/#organization\"},\"potentialAction\":[{\"@type\":\"SearchAction\",\"target\":{\"@type\":\"EntryPoint\",\"urlTemplate\":\"https:\/\/kidslox.com\/fr\/?s={search_term_string}\"},\"query-input\":{\"@type\":\"PropertyValueSpecification\",\"valueRequired\":true,\"valueName\":\"search_term_string\"}}],\"inLanguage\":\"fr-FR\"},{\"@type\":\"Organization\",\"@id\":\"https:\/\/kidslox.com\/fr\/#organization\",\"name\":\"Kidslox, Inc.\",\"url\":\"https:\/\/kidslox.com\/fr\/\",\"logo\":{\"@type\":\"ImageObject\",\"inLanguage\":\"fr-FR\",\"@id\":\"https:\/\/kidslox.com\/fr\/#\/schema\/logo\/image\/\",\"url\":\"https:\/\/kidslox.com\/wp-content\/uploads\/2021\/11\/kidslox-logo.png\",\"contentUrl\":\"https:\/\/kidslox.com\/wp-content\/uploads\/2021\/11\/kidslox-logo.png\",\"width\":150,\"height\":28,\"caption\":\"Kidslox, Inc.\"},\"image\":{\"@id\":\"https:\/\/kidslox.com\/fr\/#\/schema\/logo\/image\/\"},\"sameAs\":[\"https:\/\/www.facebook.com\/kidslox\",\"https:\/\/x.com\/kidslox\",\"https:\/\/www.instagram.com\/kidslox\/\",\"https:\/\/www.linkedin.com\/company\/kidslox\",\"https:\/\/www.youtube.com\/channel\/UCPOp4Py6LY9GdJyIvd1Z2Vw\"]},{\"@type\":\"Person\",\"@id\":\"https:\/\/kidslox.com\/fr\/#\/schema\/person\/695b3910f21087ab3dd4b49ad69294dd\",\"name\":\"Carolanne Bamford-Beattie\",\"image\":{\"@type\":\"ImageObject\",\"inLanguage\":\"fr-FR\",\"@id\":\"https:\/\/kidslox.com\/fr\/#\/schema\/person\/image\/\",\"url\":\"https:\/\/kidslox.com\/wp-content\/uploads\/2026\/02\/Carolanne-Bamford-Beattie-96x96.jpg\",\"contentUrl\":\"https:\/\/kidslox.com\/wp-content\/uploads\/2026\/02\/Carolanne-Bamford-Beattie-96x96.jpg\",\"caption\":\"Carolanne Bamford-Beattie\"},\"description\":\"Carolanne Bamford-Beattie is a mum and a writer, with over 15 years of experience sharing compelling stories and insights in the lifestyle sector.\",\"sameAs\":[\"https:\/\/kidslox.com\/\"]}]}<\/script>\n<!-- \/ Yoast SEO plugin. -->","yoast_head_json":{"title":"Guide sur les t\u00e9l\u00e9phones portables et la d\u00e9pression chez les adolescents | Kidslox","description":"Ce guide pr\u00e9sente certaines recherches, opinions et id\u00e9es sur la fa\u00e7on dont les t\u00e9l\u00e9phones portables peuvent avoir un impact n\u00e9gatif sur la sant\u00e9 mentale des adolescents.","robots":{"index":"index","follow":"follow","max-snippet":"max-snippet:-1","max-image-preview":"max-image-preview:large","max-video-preview":"max-video-preview:-1"},"canonical":"https:\/\/kidslox.com\/fr\/guide-to\/cell-phones-and-teenage-depression\/","og_locale":"fr_FR","og_type":"article","og_title":"Guide sur les t\u00e9l\u00e9phones portables et la d\u00e9pression chez les adolescents | Kidslox","og_description":"Ce guide pr\u00e9sente certaines recherches, opinions et id\u00e9es sur la fa\u00e7on dont les t\u00e9l\u00e9phones portables peuvent avoir un impact n\u00e9gatif sur la sant\u00e9 mentale des adolescents.","og_url":"https:\/\/kidslox.com\/fr\/guide-to\/cell-phones-and-teenage-depression\/","og_site_name":"Kidslox","article_publisher":"https:\/\/www.facebook.com\/kidslox","article_published_time":"2022-01-11T08:28:06+00:00","article_modified_time":"2024-01-18T09:18:41+00:00","og_image":[{"width":1280,"height":726,"url":"https:\/\/kidslox.com\/wp-content\/uploads\/2022\/01\/do-cell-phones-cause-teenage-depression-min.png","type":"image\/png"}],"author":"Carolanne Bamford-Beattie","twitter_card":"summary_large_image","twitter_creator":"@kidslox","twitter_site":"@kidslox","twitter_misc":{"Written by":"Carolanne Bamford-Beattie","Est. reading time":"11 minutes"},"schema":{"@context":"https:\/\/schema.org","@graph":[{"@type":"Article","@id":"https:\/\/kidslox.com\/fr\/guide-to\/cell-phones-and-teenage-depression\/#article","isPartOf":{"@id":"https:\/\/kidslox.com\/fr\/guide-to\/cell-phones-and-teenage-depression\/"},"author":{"name":"Carolanne Bamford-Beattie","@id":"https:\/\/kidslox.com\/fr\/#\/schema\/person\/695b3910f21087ab3dd4b49ad69294dd"},"headline":"Les t\u00e9l\u00e9phones portables sont-ils responsables de l&#8217;augmentation des taux de d\u00e9pression chez les adolescents ?","datePublished":"2022-01-11T08:28:06+00:00","dateModified":"2024-01-18T09:18:41+00:00","mainEntityOfPage":{"@id":"https:\/\/kidslox.com\/fr\/guide-to\/cell-phones-and-teenage-depression\/"},"wordCount":3174,"commentCount":0,"publisher":{"@id":"https:\/\/kidslox.com\/fr\/#organization"},"image":{"@id":"https:\/\/kidslox.com\/fr\/guide-to\/cell-phones-and-teenage-depression\/#primaryimage"},"thumbnailUrl":"https:\/\/kidslox.com\/wp-content\/uploads\/2022\/01\/do-cell-phones-cause-teenage-depression-min.png","keywords":["Internet","Research","Social media"],"articleSection":["Actualit\u00e9s"],"inLanguage":"fr-FR","potentialAction":[{"@type":"CommentAction","name":"Comment","target":["https:\/\/kidslox.com\/fr\/guide-to\/cell-phones-and-teenage-depression\/#respond"]}]},{"@type":"WebPage","@id":"https:\/\/kidslox.com\/fr\/guide-to\/cell-phones-and-teenage-depression\/","url":"https:\/\/kidslox.com\/fr\/guide-to\/cell-phones-and-teenage-depression\/","name":"Guide sur les t\u00e9l\u00e9phones portables et la d\u00e9pression chez les adolescents | Kidslox","isPartOf":{"@id":"https:\/\/kidslox.com\/fr\/#website"},"primaryImageOfPage":{"@id":"https:\/\/kidslox.com\/fr\/guide-to\/cell-phones-and-teenage-depression\/#primaryimage"},"image":{"@id":"https:\/\/kidslox.com\/fr\/guide-to\/cell-phones-and-teenage-depression\/#primaryimage"},"thumbnailUrl":"https:\/\/kidslox.com\/wp-content\/uploads\/2022\/01\/do-cell-phones-cause-teenage-depression-min.png","datePublished":"2022-01-11T08:28:06+00:00","dateModified":"2024-01-18T09:18:41+00:00","description":"Ce guide pr\u00e9sente certaines recherches, opinions et id\u00e9es sur la fa\u00e7on dont les t\u00e9l\u00e9phones portables peuvent avoir un impact n\u00e9gatif sur la sant\u00e9 mentale des adolescents.","breadcrumb":{"@id":"https:\/\/kidslox.com\/fr\/guide-to\/cell-phones-and-teenage-depression\/#breadcrumb"},"inLanguage":"fr-FR","potentialAction":[{"@type":"ReadAction","target":["https:\/\/kidslox.com\/fr\/guide-to\/cell-phones-and-teenage-depression\/"]}]},{"@type":"ImageObject","inLanguage":"fr-FR","@id":"https:\/\/kidslox.com\/fr\/guide-to\/cell-phones-and-teenage-depression\/#primaryimage","url":"https:\/\/kidslox.com\/wp-content\/uploads\/2022\/01\/do-cell-phones-cause-teenage-depression-min.png","contentUrl":"https:\/\/kidslox.com\/wp-content\/uploads\/2022\/01\/do-cell-phones-cause-teenage-depression-min.png","width":1280,"height":726},{"@type":"BreadcrumbList","@id":"https:\/\/kidslox.com\/fr\/guide-to\/cell-phones-and-teenage-depression\/#breadcrumb","itemListElement":[{"@type":"ListItem","position":1,"name":"Home","item":"https:\/\/kidslox.com"},{"@type":"ListItem","position":2,"name":"Les t\u00e9l\u00e9phones portables sont-ils responsables de l&#8217;augmentation des taux de d\u00e9pression chez les adolescents ?"}]},{"@type":"WebSite","@id":"https:\/\/kidslox.com\/fr\/#website","url":"https:\/\/kidslox.com\/fr\/","name":"Kidslox","description":"Parental control app for iPhone and Android. Join millions of parents using the best parental control apps for iPhone parental control, Android &amp; more","publisher":{"@id":"https:\/\/kidslox.com\/fr\/#organization"},"potentialAction":[{"@type":"SearchAction","target":{"@type":"EntryPoint","urlTemplate":"https:\/\/kidslox.com\/fr\/?s={search_term_string}"},"query-input":{"@type":"PropertyValueSpecification","valueRequired":true,"valueName":"search_term_string"}}],"inLanguage":"fr-FR"},{"@type":"Organization","@id":"https:\/\/kidslox.com\/fr\/#organization","name":"Kidslox, Inc.","url":"https:\/\/kidslox.com\/fr\/","logo":{"@type":"ImageObject","inLanguage":"fr-FR","@id":"https:\/\/kidslox.com\/fr\/#\/schema\/logo\/image\/","url":"https:\/\/kidslox.com\/wp-content\/uploads\/2021\/11\/kidslox-logo.png","contentUrl":"https:\/\/kidslox.com\/wp-content\/uploads\/2021\/11\/kidslox-logo.png","width":150,"height":28,"caption":"Kidslox, Inc."},"image":{"@id":"https:\/\/kidslox.com\/fr\/#\/schema\/logo\/image\/"},"sameAs":["https:\/\/www.facebook.com\/kidslox","https:\/\/x.com\/kidslox","https:\/\/www.instagram.com\/kidslox\/","https:\/\/www.linkedin.com\/company\/kidslox","https:\/\/www.youtube.com\/channel\/UCPOp4Py6LY9GdJyIvd1Z2Vw"]},{"@type":"Person","@id":"https:\/\/kidslox.com\/fr\/#\/schema\/person\/695b3910f21087ab3dd4b49ad69294dd","name":"Carolanne Bamford-Beattie","image":{"@type":"ImageObject","inLanguage":"fr-FR","@id":"https:\/\/kidslox.com\/fr\/#\/schema\/person\/image\/","url":"https:\/\/kidslox.com\/wp-content\/uploads\/2026\/02\/Carolanne-Bamford-Beattie-96x96.jpg","contentUrl":"https:\/\/kidslox.com\/wp-content\/uploads\/2026\/02\/Carolanne-Bamford-Beattie-96x96.jpg","caption":"Carolanne Bamford-Beattie"},"description":"Carolanne Bamford-Beattie is a mum and a writer, with over 15 years of experience sharing compelling stories and insights in the lifestyle sector.","sameAs":["https:\/\/kidslox.com\/"]}]}},"_links":{"self":[{"href":"https:\/\/kidslox.com\/fr\/wp-json\/wp\/v2\/posts\/54237","targetHints":{"allow":["GET"]}}],"collection":[{"href":"https:\/\/kidslox.com\/fr\/wp-json\/wp\/v2\/posts"}],"about":[{"href":"https:\/\/kidslox.com\/fr\/wp-json\/wp\/v2\/types\/post"}],"author":[{"embeddable":true,"href":"https:\/\/kidslox.com\/fr\/wp-json\/wp\/v2\/users\/6"}],"replies":[{"embeddable":true,"href":"https:\/\/kidslox.com\/fr\/wp-json\/wp\/v2\/comments?post=54237"}],"version-history":[{"count":2,"href":"https:\/\/kidslox.com\/fr\/wp-json\/wp\/v2\/posts\/54237\/revisions"}],"predecessor-version":[{"id":54239,"href":"https:\/\/kidslox.com\/fr\/wp-json\/wp\/v2\/posts\/54237\/revisions\/54239"}],"wp:featuredmedia":[{"embeddable":true,"href":"https:\/\/kidslox.com\/fr\/wp-json\/wp\/v2\/media\/16659"}],"wp:attachment":[{"href":"https:\/\/kidslox.com\/fr\/wp-json\/wp\/v2\/media?parent=54237"}],"wp:term":[{"taxonomy":"category","embeddable":true,"href":"https:\/\/kidslox.com\/fr\/wp-json\/wp\/v2\/categories?post=54237"},{"taxonomy":"post_tag","embeddable":true,"href":"https:\/\/kidslox.com\/fr\/wp-json\/wp\/v2\/tags?post=54237"}],"curies":[{"name":"wp","href":"https:\/\/api.w.org\/{rel}","templated":true}]}}